{"id":11968,"date":"2023-03-01T12:32:25","date_gmt":"2023-03-01T11:32:25","guid":{"rendered":"https:\/\/chimiver.com\/news\/chimiver-bau-2023-munich\/"},"modified":"2025-11-24T15:45:07","modified_gmt":"2025-11-24T14:45:07","slug":"chimiver-bau-2023-munich","status":"publish","type":"news","link":"https:\/\/chimiver.com\/es\/news\/chimiver-bau-2023-munich\/","title":{"rendered":"Chimiver: BAU2023, M\u00f3naco"},"content":{"rendered":"<p>Nos complace informarles que Chimiver estar\u00e1 presente desde el <strong>17 al 22 de Abril<\/strong> en <strong>BAU 2023 (<\/strong><b>M\u00f3naco)\u00a0<\/b>Alemania, la feria l\u00edder mundial en arquitectura, materiales y sistemas.<\/p>\n<p>Nuevos productos, nuevas tecnolog\u00edas y nuevas tendencias&#8230; \u00a1Ven a visitarnos!<\/p>\n<p><strong>HALL B6 &#8211; STAND 228<\/strong><\/p>\n<p>\u00bfQuieres organizar una reuni\u00f3n? Escriba a <strong>marketing@chimiver.com<\/strong>. \u00a1No podemos esperar a verte!<\/p>\n","protected":false},"featured_media":11963,"template":"","category_news":[646],"class_list":["post-11968","news","type-news","status-publish","has-post-thumbnail","hentry","category_news-eventos"],"acf":[],"yoast_head":"<!-- This site is optimized with the Yoast SEO plugin v26.2 - https:\/\/yoast.com\/wordpress\/plugins\/seo\/ -->\n<title>Chimiver en la feria BAU2023: tecnolog\u00edas para la construcci\u00f3n<\/title>\n<meta name=\"description\" content=\"Chimiver estar\u00e1 presente en la feria BAU en M\u00fanich del 17 al 22 de abril, el evento de referencia para la arquitectura y los materiales.\" \/>\n<meta name=\"robots\" content=\"index, follow, max-snippet:-1, max-image-preview:large, max-video-preview:-1\" \/>\n<link rel=\"canonical\" href=\"https:\/\/chimiver.com\/es\/news\/chimiver-bau-2023-munich\/\" \/>\n<meta property=\"og:locale\" content=\"es_ES\" \/>\n<meta property=\"og:type\" content=\"article\" \/>\n<meta property=\"og:title\" content=\"Chimiver en la feria BAU2023: tecnolog\u00edas para la construcci\u00f3n\" \/>\n<meta property=\"og:description\" content=\"Chimiver estar\u00e1 presente en la feria BAU en M\u00fanich del 17 al 22 de abril, el evento de referencia para la arquitectura y los materiales.\" \/>\n<meta property=\"og:url\" content=\"https:\/\/chimiver.com\/es\/news\/chimiver-bau-2023-munich\/\" \/>\n<meta property=\"og:site_name\" content=\"Chimiver\" \/>\n<meta property=\"article:publisher\" content=\"https:\/\/www.facebook.com\/chimiver\" \/>\n<meta property=\"article:modified_time\" content=\"2025-11-24T14:45:07+00:00\" \/>\n<meta property=\"og:image\" content=\"https:\/\/chimiver.com\/wp-content\/uploads\/2023\/03\/Post_FB_BAU-2023_1.jpg\" \/>\n\t<meta property=\"og:image:width\" content=\"2500\" \/>\n\t<meta property=\"og:image:height\" content=\"1308\" \/>\n\t<meta property=\"og:image:type\" content=\"image\/jpeg\" \/>\n<meta name=\"twitter:card\" content=\"summary_large_image\" \/>\n<meta name=\"twitter:label1\" content=\"Tiempo de lectura\" \/>\n\t<meta name=\"twitter:data1\" content=\"1 minuto\" \/>\n<script type=\"application\/ld+json\" class=\"yoast-schema-graph\">{\"@context\":\"https:\/\/schema.org\",\"@graph\":[{\"@type\":\"WebPage\",\"@id\":\"https:\/\/chimiver.com\/es\/news\/chimiver-bau-2023-munich\/\",\"url\":\"https:\/\/chimiver.com\/es\/news\/chimiver-bau-2023-munich\/\",\"name\":\"Chimiver en la feria BAU2023: tecnolog\u00edas para la construcci\u00f3n\",\"isPartOf\":{\"@id\":\"https:\/\/chimiver.com\/es\/#website\"},\"primaryImageOfPage\":{\"@id\":\"https:\/\/chimiver.com\/es\/news\/chimiver-bau-2023-munich\/#primaryimage\"},\"image\":{\"@id\":\"https:\/\/chimiver.com\/es\/news\/chimiver-bau-2023-munich\/#primaryimage\"},\"thumbnailUrl\":\"https:\/\/chimiver.com\/wp-content\/uploads\/2023\/03\/Post_FB_BAU-2023_1.jpg\",\"datePublished\":\"2023-03-01T11:32:25+00:00\",\"dateModified\":\"2025-11-24T14:45:07+00:00\",\"description\":\"Chimiver estar\u00e1 presente en la feria BAU en M\u00fanich del 17 al 22 de abril, el evento de referencia para la arquitectura y los materiales.\",\"breadcrumb\":{\"@id\":\"https:\/\/chimiver.com\/es\/news\/chimiver-bau-2023-munich\/#breadcrumb\"},\"inLanguage\":\"es\",\"potentialAction\":[{\"@type\":\"ReadAction\",\"target\":[\"https:\/\/chimiver.com\/es\/news\/chimiver-bau-2023-munich\/\"]}]},{\"@type\":\"ImageObject\",\"inLanguage\":\"es\",\"@id\":\"https:\/\/chimiver.com\/es\/news\/chimiver-bau-2023-munich\/#primaryimage\",\"url\":\"https:\/\/chimiver.com\/wp-content\/uploads\/2023\/03\/Post_FB_BAU-2023_1.jpg\",\"contentUrl\":\"https:\/\/chimiver.com\/wp-content\/uploads\/2023\/03\/Post_FB_BAU-2023_1.jpg\",\"width\":2500,\"height\":1308,\"caption\":\"Fiera-BAU-2023-Munich\"},{\"@type\":\"BreadcrumbList\",\"@id\":\"https:\/\/chimiver.com\/es\/news\/chimiver-bau-2023-munich\/#breadcrumb\",\"itemListElement\":[{\"@type\":\"ListItem\",\"position\":1,\"name\":\"Home\",\"item\":\"https:\/\/chimiver.com\/es\/\"},{\"@type\":\"ListItem\",\"position\":2,\"name\":\"Noticias\",\"item\":\"https:\/\/chimiver.com\/es\/news\/\"},{\"@type\":\"ListItem\",\"position\":3,\"name\":\"Chimiver: BAU2023, M\u00f3naco\"}]},{\"@type\":\"WebSite\",\"@id\":\"https:\/\/chimiver.com\/es\/#website\",\"url\":\"https:\/\/chimiver.com\/es\/\",\"name\":\"Chimiver, Your floors partner\",\"description\":\"Su partner de pisos\",\"publisher\":{\"@id\":\"https:\/\/chimiver.com\/es\/#organization\"},\"alternateName\":\"Chimiver\",\"potentialAction\":[{\"@type\":\"SearchAction\",\"target\":{\"@type\":\"EntryPoint\",\"urlTemplate\":\"https:\/\/chimiver.com\/es\/?s={search_term_string}\"},\"query-input\":{\"@type\":\"PropertyValueSpecification\",\"valueRequired\":true,\"valueName\":\"search_term_string\"}}],\"inLanguage\":\"es\"},{\"@type\":\"Organization\",\"@id\":\"https:\/\/chimiver.com\/es\/#organization\",\"name\":\"Chimiver\",\"url\":\"https:\/\/chimiver.com\/es\/\",\"logo\":{\"@type\":\"ImageObject\",\"inLanguage\":\"es\",\"@id\":\"https:\/\/chimiver.com\/es\/#\/schema\/logo\/image\/\",\"url\":\"https:\/\/chimiver.com\/wp-content\/uploads\/2022\/06\/Chimiver_500x500.jpg\",\"contentUrl\":\"https:\/\/chimiver.com\/wp-content\/uploads\/2022\/06\/Chimiver_500x500.jpg\",\"width\":500,\"height\":500,\"caption\":\"Chimiver\"},\"image\":{\"@id\":\"https:\/\/chimiver.com\/es\/#\/schema\/logo\/image\/\"},\"sameAs\":[\"https:\/\/www.facebook.com\/chimiver\"]}]}<\/script>\n<!-- \/ Yoast SEO plugin. -->","yoast_head_json":{"title":"Chimiver en la feria BAU2023: tecnolog\u00edas para la construcci\u00f3n","description":"Chimiver estar\u00e1 presente en la feria BAU en M\u00fanich del 17 al 22 de abril, el evento de referencia para la arquitectura y los materiales.","robots":{"index":"index","follow":"follow","max-snippet":"max-snippet:-1","max-image-preview":"max-image-preview:large","max-video-preview":"max-video-preview:-1"},"canonical":"https:\/\/chimiver.com\/es\/news\/chimiver-bau-2023-munich\/","og_locale":"es_ES","og_type":"article","og_title":"Chimiver en la feria BAU2023: tecnolog\u00edas para la construcci\u00f3n","og_description":"Chimiver estar\u00e1 presente en la feria BAU en M\u00fanich del 17 al 22 de abril, el evento de referencia para la arquitectura y los materiales.","og_url":"https:\/\/chimiver.com\/es\/news\/chimiver-bau-2023-munich\/","og_site_name":"Chimiver","article_publisher":"https:\/\/www.facebook.com\/chimiver","article_modified_time":"2025-11-24T14:45:07+00:00","og_image":[{"width":2500,"height":1308,"url":"https:\/\/chimiver.com\/wp-content\/uploads\/2023\/03\/Post_FB_BAU-2023_1.jpg","type":"image\/jpeg"}],"twitter_card":"summary_large_image","twitter_misc":{"Tiempo de lectura":"1 minuto"},"schema":{"@context":"https:\/\/schema.org","@graph":[{"@type":"WebPage","@id":"https:\/\/chimiver.com\/es\/news\/chimiver-bau-2023-munich\/","url":"https:\/\/chimiver.com\/es\/news\/chimiver-bau-2023-munich\/","name":"Chimiver en la feria BAU2023: tecnolog\u00edas para la construcci\u00f3n","isPartOf":{"@id":"https:\/\/chimiver.com\/es\/#website"},"primaryImageOfPage":{"@id":"https:\/\/chimiver.com\/es\/news\/chimiver-bau-2023-munich\/#primaryimage"},"image":{"@id":"https:\/\/chimiver.com\/es\/news\/chimiver-bau-2023-munich\/#primaryimage"},"thumbnailUrl":"https:\/\/chimiver.com\/wp-content\/uploads\/2023\/03\/Post_FB_BAU-2023_1.jpg","datePublished":"2023-03-01T11:32:25+00:00","dateModified":"2025-11-24T14:45:07+00:00","description":"Chimiver estar\u00e1 presente en la feria BAU en M\u00fanich del 17 al 22 de abril, el evento de referencia para la arquitectura y los materiales.","breadcrumb":{"@id":"https:\/\/chimiver.com\/es\/news\/chimiver-bau-2023-munich\/#breadcrumb"},"inLanguage":"es","potentialAction":[{"@type":"ReadAction","target":["https:\/\/chimiver.com\/es\/news\/chimiver-bau-2023-munich\/"]}]},{"@type":"ImageObject","inLanguage":"es","@id":"https:\/\/chimiver.com\/es\/news\/chimiver-bau-2023-munich\/#primaryimage","url":"https:\/\/chimiver.com\/wp-content\/uploads\/2023\/03\/Post_FB_BAU-2023_1.jpg","contentUrl":"https:\/\/chimiver.com\/wp-content\/uploads\/2023\/03\/Post_FB_BAU-2023_1.jpg","width":2500,"height":1308,"caption":"Fiera-BAU-2023-Munich"},{"@type":"BreadcrumbList","@id":"https:\/\/chimiver.com\/es\/news\/chimiver-bau-2023-munich\/#breadcrumb","itemListElement":[{"@type":"ListItem","position":1,"name":"Home","item":"https:\/\/chimiver.com\/es\/"},{"@type":"ListItem","position":2,"name":"Noticias","item":"https:\/\/chimiver.com\/es\/news\/"},{"@type":"ListItem","position":3,"name":"Chimiver: BAU2023, M\u00f3naco"}]},{"@type":"WebSite","@id":"https:\/\/chimiver.com\/es\/#website","url":"https:\/\/chimiver.com\/es\/","name":"Chimiver, Your floors partner","description":"Su partner de pisos","publisher":{"@id":"https:\/\/chimiver.com\/es\/#organization"},"alternateName":"Chimiver","potentialAction":[{"@type":"SearchAction","target":{"@type":"EntryPoint","urlTemplate":"https:\/\/chimiver.com\/es\/?s={search_term_string}"},"query-input":{"@type":"PropertyValueSpecification","valueRequired":true,"valueName":"search_term_string"}}],"inLanguage":"es"},{"@type":"Organization","@id":"https:\/\/chimiver.com\/es\/#organization","name":"Chimiver","url":"https:\/\/chimiver.com\/es\/","logo":{"@type":"ImageObject","inLanguage":"es","@id":"https:\/\/chimiver.com\/es\/#\/schema\/logo\/image\/","url":"https:\/\/chimiver.com\/wp-content\/uploads\/2022\/06\/Chimiver_500x500.jpg","contentUrl":"https:\/\/chimiver.com\/wp-content\/uploads\/2022\/06\/Chimiver_500x500.jpg","width":500,"height":500,"caption":"Chimiver"},"image":{"@id":"https:\/\/chimiver.com\/es\/#\/schema\/logo\/image\/"},"sameAs":["https:\/\/www.facebook.com\/chimiver"]}]}},"_links":{"self":[{"href":"https:\/\/chimiver.com\/es\/wp-json\/wp\/v2\/news\/11968","targetHints":{"allow":["GET"]}}],"collection":[{"href":"https:\/\/chimiver.com\/es\/wp-json\/wp\/v2\/news"}],"about":[{"href":"https:\/\/chimiver.com\/es\/wp-json\/wp\/v2\/types\/news"}],"wp:featuredmedia":[{"embeddable":true,"href":"https:\/\/chimiver.com\/es\/wp-json\/wp\/v2\/media\/11963"}],"wp:attachment":[{"href":"https:\/\/chimiver.com\/es\/wp-json\/wp\/v2\/media?parent=11968"}],"wp:term":[{"taxonomy":"category_news","embeddable":true,"href":"https:\/\/chimiver.com\/es\/wp-json\/wp\/v2\/category_news?post=11968"}],"curies":[{"name":"wp","href":"https:\/\/api.w.org\/{rel}","templated":true}]}}